{"id":5590,"date":"2021-12-13T15:57:49","date_gmt":"2021-12-13T14:57:49","guid":{"rendered":"http:\/\/quintette-altra.fr\/?p=5590"},"modified":"2021-12-14T11:21:22","modified_gmt":"2021-12-14T10:21:22","slug":"le-conte-de-noel-du-quintette-altra","status":"publish","type":"post","link":"http:\/\/quintette-altra.fr\/index.php\/2021\/12\/13\/le-conte-de-noel-du-quintette-altra\/","title":{"rendered":"Le conte de No\u00ebl du Quintette Altra !"},"content":{"rendered":"<p style=\"text-align: center;\">Nous sommes tr\u00e8s heureux de vous annoncer la sortie de notre livre-CD <strong><em>Le Voyage de Noah<\/em><\/strong>,<br \/>\nun conte musical pour r\u00eaver et s\u2019amuser avec les yeux et les oreilles !<\/p>\n<p style=\"text-align: center;\"><a href=\"http:\/\/quintette-altra.fr\/wp-content\/uploads\/2021\/12\/81c55661d69565090a9cff71f4364be73965e186.jpg\" rel=\"attachment wp-att-5549\"><img loading=\"lazy\" class=\"aligncenter size-medium wp-image-5549\" src=\"http:\/\/quintette-altra.fr\/wp-content\/uploads\/2021\/12\/81c55661d69565090a9cff71f4364be73965e186-300x300.jpg\" alt=\"\" width=\"300\" height=\"300\" \/><\/a><\/p>\n<p style=\"text-align: center;\">Suivez les aventure du petit Noah parti \u00e0 la recherche du P\u00e8re No\u00ebl et voyagez avec lui en \u00e9coutant les \u0153uvres<br \/>\nde Grieg, Bizet, Rossini, Ibert, Bartok, Farkas et Ligeti.<\/p>\n<p style=\"text-align: center;\">Vous pourrez (re)d\u00e9couvrir les instruments du quintette \u00e0 vent gr\u00e2ce au jeu de piste dissimul\u00e9 dans<br \/>\nles illustrations chatoyantes d\u2019Emma Bertin.<br \/>\nUn r\u00e9cit compl\u00e9t\u00e9 par des mini-fiches pour r\u00eaver et apprendre en s\u2019amusant !<\/p>\n<p style=\"text-align: center;\">Le livre est\u00a0en vente chez votre libraire, ainsi que sur le site du Conservatoire de Paris\u00a0 \u00a0 \u00a0 \u00a0 \u00a0<a href=\"https:\/\/www.conservatoiredeparis.fr\/fr\/medias\/publication\/le-voyage-de-noah\">https:\/\/www.conservatoiredeparis.fr\/fr\/medias\/publication\/le-voyage-de-noah<\/a><\/p>\n<p style=\"text-align: center;\">Et disponible \u00e0 l&rsquo;\u00e9coute sur les plateformes <a href=\"https:\/\/open.spotify.com\/album\/2fDdaIAMS44KuYsBZRhD1X\">Spotify<\/a> et <a href=\"https:\/\/www.deezer.com\/fr\/album\/271438352\">Deezer<\/a> !<\/p>\n<p style=\"text-align: center;\">Prix : 13 euros<br \/>\nD\u00e8s 4 ans<\/p>\n<p style=\"text-align: center;\">Texte : Calypso Michelet<br \/>\nIllustrations : Emma Bertin<br \/>\nMusique : Quintette Altra<\/p>\n<p style=\"text-align: center;\">Merci aux Editions du Conservatoire\/Label Initial et \u00e0 la Fondation Meyer pour leur soutien !<\/p>\n","protected":false},"excerpt":{"rendered":"<p>Nous sommes tr\u00e8s heureux de vous annoncer la sortie de notre livre-CD Le Voyage de Noah, un conte musical pour r\u00eaver et s\u2019amuser avec les yeux et les oreilles ! Suivez les aventure du petit Noah parti \u00e0 la recherche [&hellip;]<\/p>\n","protected":false},"author":1,"featured_media":5603,"comment_status":"open","ping_status":"open","sticky":false,"template":"","format":"standard","meta":{"_mi_skip_tracking":false},"categories":[16],"tags":[],"acf":[],"_links":{"self":[{"href":"http:\/\/quintette-altra.fr\/index.php\/wp-json\/wp\/v2\/posts\/5590"}],"collection":[{"href":"http:\/\/quintette-altra.fr\/index.php\/wp-json\/wp\/v2\/posts"}],"about":[{"href":"http:\/\/quintette-altra.fr\/index.php\/wp-json\/wp\/v2\/types\/post"}],"author":[{"embeddable":true,"href":"http:\/\/quintette-altra.fr\/index.php\/wp-json\/wp\/v2\/users\/1"}],"replies":[{"embeddable":true,"href":"http:\/\/quintette-altra.fr\/index.php\/wp-json\/wp\/v2\/comments?post=5590"}],"version-history":[{"count":11,"href":"http:\/\/quintette-altra.fr\/index.php\/wp-json\/wp\/v2\/posts\/5590\/revisions"}],"predecessor-version":[{"id":5604,"href":"http:\/\/quintette-altra.fr\/index.php\/wp-json\/wp\/v2\/posts\/5590\/revisions\/5604"}],"wp:featuredmedia":[{"embeddable":true,"href":"http:\/\/quintette-altra.fr\/index.php\/wp-json\/wp\/v2\/media\/5603"}],"wp:attachment":[{"href":"http:\/\/quintette-altra.fr\/index.php\/wp-json\/wp\/v2\/media?parent=5590"}],"wp:term":[{"taxonomy":"category","embeddable":true,"href":"http:\/\/quintette-altra.fr\/index.php\/wp-json\/wp\/v2\/categories?post=5590"},{"taxonomy":"post_tag","embeddable":true,"href":"http:\/\/quintette-altra.fr\/index.php\/wp-json\/wp\/v2\/tags?post=5590"}],"curies":[{"name":"wp","href":"https:\/\/api.w.org\/{rel}","templated":true}]}}