{"id":5810,"date":"2022-08-04T15:51:39","date_gmt":"2022-08-04T14:51:39","guid":{"rendered":"http:\/\/quintette-altra.fr\/?p=5810"},"modified":"2022-08-04T18:56:36","modified_gmt":"2022-08-04T17:56:36","slug":"les-retrouvailles-daltra-ou-les-folles-notes-de-beauzac","status":"publish","type":"post","link":"http:\/\/quintette-altra.fr\/index.php\/2022\/08\/04\/les-retrouvailles-daltra-ou-les-folles-notes-de-beauzac\/","title":{"rendered":"Les retrouvailles d&rsquo;Altra ou les Folles Notes de Beauzac"},"content":{"rendered":"<div class=\"wp-block-image\">\n<figure class=\"aligncenter size-large\"><img loading=\"lazy\" width=\"1024\" height=\"343\" src=\"http:\/\/quintette-altra.fr\/wp-content\/uploads\/2022\/07\/Entete-Beauzac-1024x343.png\" alt=\"\" class=\"wp-image-5836\"\/><\/figure><\/div>\n\n\n<div style=\"height:100px\" aria-hidden=\"true\" class=\"wp-block-spacer\"><\/div>\n\n\n\n<p>Le quintette aura la plaisir de vous retrouver au festival \u00ab\u00a0Les Folles Notes de Beauzac\u00a0\u00bb en Auvergne, pour un concert le 13 ao\u00fbt prochain.<\/p>\n\n\n\n<p>Invitation au voyage, esprit estival et fougue caniculaire seront au programme avec des \u0153uvres de Dvo\u0159\u00e1k, Ligeti, Barber ou encore De Falla.<\/p>\n\n\n\n<p>Pour plus d&rsquo;informations, n&rsquo;h\u00e9sitez pas \u00e0 consulter le site des Folles Notes : <\/p>\n\n\n\n<p><a rel=\"noreferrer noopener\" href=\"https:\/\/www.follesnotes.com\" target=\"_blank\">https:\/\/www.follesnotes.com<\/a><\/p>\n\n\n\n<p>Ainsi que sa brochure : <\/p>\n\n\n\n<div class=\"wp-block-file\"><a id=\"wp-block-file--media-d011470e-fd55-4bd6-a074-55512ffde8bc\" href=\"blob:http:\/\/quintette-altra.fr\/34cf7dd9-36e1-4740-bc2f-b8e894a739f2\">Les Folles Notes 08\/2022<\/a><a href=\"blob:http:\/\/quintette-altra.fr\/34cf7dd9-36e1-4740-bc2f-b8e894a739f2\" class=\"wp-block-file__button\" download aria-describedby=\"wp-block-file--media-d011470e-fd55-4bd6-a074-55512ffde8bc\">T\u00e9l\u00e9charger<\/a><\/div>\n\n\n\n<p>Bel \u00e9t\u00e9 \u00e0 toutes et tous !!<\/p>\n","protected":false},"excerpt":{"rendered":"<p>Le quintette aura la plaisir de vous retrouver au festival \u00ab\u00a0Les Folles Notes de Beauzac\u00a0\u00bb en Auvergne, pour un concert le 13 ao\u00fbt prochain. Invitation au voyage, esprit estival et fougue caniculaire seront au programme avec des \u0153uvres de Dvo\u0159\u00e1k, [&hellip;]<\/p>\n","protected":false},"author":1,"featured_media":5847,"comment_status":"closed","ping_status":"closed","sticky":false,"template":"","format":"standard","meta":{"_mi_skip_tracking":false},"categories":[16],"tags":[],"acf":[],"_links":{"self":[{"href":"http:\/\/quintette-altra.fr\/index.php\/wp-json\/wp\/v2\/posts\/5810"}],"collection":[{"href":"http:\/\/quintette-altra.fr\/index.php\/wp-json\/wp\/v2\/posts"}],"about":[{"href":"http:\/\/quintette-altra.fr\/index.php\/wp-json\/wp\/v2\/types\/post"}],"author":[{"embeddable":true,"href":"http:\/\/quintette-altra.fr\/index.php\/wp-json\/wp\/v2\/users\/1"}],"replies":[{"embeddable":true,"href":"http:\/\/quintette-altra.fr\/index.php\/wp-json\/wp\/v2\/comments?post=5810"}],"version-history":[{"count":15,"href":"http:\/\/quintette-altra.fr\/index.php\/wp-json\/wp\/v2\/posts\/5810\/revisions"}],"predecessor-version":[{"id":5850,"href":"http:\/\/quintette-altra.fr\/index.php\/wp-json\/wp\/v2\/posts\/5810\/revisions\/5850"}],"wp:featuredmedia":[{"embeddable":true,"href":"http:\/\/quintette-altra.fr\/index.php\/wp-json\/wp\/v2\/media\/5847"}],"wp:attachment":[{"href":"http:\/\/quintette-altra.fr\/index.php\/wp-json\/wp\/v2\/media?parent=5810"}],"wp:term":[{"taxonomy":"category","embeddable":true,"href":"http:\/\/quintette-altra.fr\/index.php\/wp-json\/wp\/v2\/categories?post=5810"},{"taxonomy":"post_tag","embeddable":true,"href":"http:\/\/quintette-altra.fr\/index.php\/wp-json\/wp\/v2\/tags?post=5810"}],"curies":[{"name":"wp","href":"https:\/\/api.w.org\/{rel}","templated":true}]}}